{"id":33630,"date":"2020-08-17T17:47:44","date_gmt":"2020-08-17T15:47:44","guid":{"rendered":"https:\/\/www.altei.cz\/?p=33630"},"modified":"2020-08-17T17:47:44","modified_gmt":"2020-08-17T15:47:44","slug":"nove-tangencialni-ramenko-reed-5a","status":"publish","type":"post","link":"https:\/\/www.altei.cz\/hifi\/2020\/08\/17\/nove-tangencialni-ramenko-reed-5a\/","title":{"rendered":"Nov\u00e9 tangenci\u00e1ln\u00ed ram\u00e9nko Reed 5A"},"content":{"rendered":"<section  class='av_textblock_section av-kdyj97e6-aac7996e6d4063c706608b7f6164f1dd '   itemscope=\"itemscope\" itemtype=\"https:\/\/schema.org\/BlogPosting\" itemprop=\"blogPost\" ><div class='avia_textblock'  itemprop=\"text\" ><h2><strong><img loading=\"lazy\" decoding=\"async\" class=\"alignnone size-full wp-image-33652\" src=\"https:\/\/www.altei.cz\/wp-content\/uploads\/2020\/08\/reed_5a.jpg\" alt=\"\" width=\"750\" height=\"488\" \/>REED 5-A<\/strong><\/h2>\n<p>Konstrukce tohoto \u0161pi\u010dkov\u00e9ho ram\u00e9nka pracuje na principu zalo\u017een\u00e9m na Thaletov\u011b v\u011bt\u011b (jestli\u017ee st\u0159ed opsan\u00e9 kru\u017enice le\u017e\u00ed na p\u0159epon\u011b troj\u00faheln\u00edku, je troj\u00faheln\u00edk pravo\u00fahl\u00fd) a na pravidle, kter\u00e9 n\u00e1m \u0159\u00edk\u00e1, \u017ee kdy\u017e m\u00e1me t\u0159i body, nele\u017e\u00edc\u00ed na jedn\u00e9 p\u0159\u00edmce, je mo\u017en\u00e9 sestrojit pouze jednu kru\u017enici s kone\u010dn\u00fdm polom\u011brem, kter\u00e1 proch\u00e1z\u00ed v\u0161emi t\u0159emi body. Na z\u00e1klad\u011b techto teoretick\u00fdch p\u0159edpoklad\u016f byl navr\u017een mechanismus ram\u00e9nka, kter\u00fd zaji\u0161\u0165uje, aby tangenci\u00e1ln\u00ed chyba byla co nejmen\u0161\u00ed , \u010d\u00edm\u017e sni\u017euje zkreslen\u00ed zp\u016fsoben\u00e9 chybov\u00fdm \u00fahlem. Narozd\u00edl od sv\u00e9ho v\u011bt\u0161\u00edho (a dra\u017e\u0161\u00edho bratra ram\u00e9nka 5-T) je toto \u0159e\u0161en\u00ed \u010dist\u011b mechanick\u00e9.<\/p>\n<div  class='avia-button-wrap av-kda6la-585e530dfd205ce1c613a2389305c4a1-wrap avia-button-center  avia-builder-el-1  avia-builder-el-no-sibling '><a href=''  class='avia-button av-kda6la-585e530dfd205ce1c613a2389305c4a1 av-link-btn avia-icon_select-no avia-size-small avia-position-center avia-color-theme-color'   aria-label=\"V\u00edce\"><span class='avia_iconbox_title' >V\u00edce<\/span><\/a><\/div>\n<p><img loading=\"lazy\" decoding=\"async\" class=\"alignnone wp-image-33632\" src=\"https:\/\/www.altei.cz\/wp-content\/uploads\/2020\/08\/Reed-5A-operating-principle.jpg\" alt=\"\" width=\"516\" height=\"343\" \/><\/p>\n<\/div><\/section>\n","protected":false},"excerpt":{"rendered":"","protected":false},"author":1,"featured_media":33631,"comment_status":"closed","ping_status":"closed","sticky":false,"template":"","format":"standard","meta":{"_jetpack_memberships_contains_paid_content":false,"footnotes":""},"categories":[164],"tags":[],"class_list":["post-33630","post","type-post","status-publish","format-standard","has-post-thumbnail","hentry","category-news-high-end"],"aioseo_notices":[],"jetpack_featured_media_url":"","jetpack_sharing_enabled":true,"_links":{"self":[{"href":"https:\/\/www.altei.cz\/hifi\/wp-json\/wp\/v2\/posts\/33630","targetHints":{"allow":["GET"]}}],"collection":[{"href":"https:\/\/www.altei.cz\/hifi\/wp-json\/wp\/v2\/posts"}],"about":[{"href":"https:\/\/www.altei.cz\/hifi\/wp-json\/wp\/v2\/types\/post"}],"author":[{"embeddable":true,"href":"https:\/\/www.altei.cz\/hifi\/wp-json\/wp\/v2\/users\/1"}],"replies":[{"embeddable":true,"href":"https:\/\/www.altei.cz\/hifi\/wp-json\/wp\/v2\/comments?post=33630"}],"version-history":[{"count":0,"href":"https:\/\/www.altei.cz\/hifi\/wp-json\/wp\/v2\/posts\/33630\/revisions"}],"wp:featuredmedia":[{"embeddable":true,"href":"https:\/\/www.altei.cz\/hifi\/wp-json\/"}],"wp:attachment":[{"href":"https:\/\/www.altei.cz\/hifi\/wp-json\/wp\/v2\/media?parent=33630"}],"wp:term":[{"taxonomy":"category","embeddable":true,"href":"https:\/\/www.altei.cz\/hifi\/wp-json\/wp\/v2\/categories?post=33630"},{"taxonomy":"post_tag","embeddable":true,"href":"https:\/\/www.altei.cz\/hifi\/wp-json\/wp\/v2\/tags?post=33630"}],"curies":[{"name":"wp","href":"https:\/\/api.w.org\/{rel}","templated":true}]}}