{"id":35541,"date":"2021-10-29T18:00:00","date_gmt":"2021-10-29T16:00:00","guid":{"rendered":"https:\/\/www.altei.cz\/caruso-recenze-stereo-video-2\/"},"modified":"2022-06-03T06:56:45","modified_gmt":"2022-06-03T04:56:45","slug":"series-200","status":"publish","type":"post","link":"https:\/\/www.altei.cz\/hifi\/2021\/10\/29\/series-200\/","title":{"rendered":"Series 200 nov\u00e1 \u0159ada T+A"},"content":{"rendered":"<section  class='av_textblock_section av-kmf5h0z3-77e162c1ac31bd170be9c87c6951b42f '   itemscope=\"itemscope\" itemtype=\"https:\/\/schema.org\/BlogPosting\" itemprop=\"blogPost\" ><div class='avia_textblock'  itemprop=\"text\" >\n<style type=\"text\/css\" data-created_by=\"avia_inline_auto\" id=\"style-css-av-riq21h-7d101f0a3d490742fc565d283023f4a8\">\n#top .hr.hr-invisible.av-riq21h-7d101f0a3d490742fc565d283023f4a8{\nheight:20px;\n}\n<\/style>\n<div  class='hr av-riq21h-7d101f0a3d490742fc565d283023f4a8 hr-invisible  avia-builder-el-1  el_before_av_button  avia-builder-el-first '><span class='hr-inner '><span class=\"hr-inner-style\"><\/span><\/span><\/div>\n<h3>Series 200 &#8211; nov\u00e1 \u0159ada produkt\u016f T+A skladem<\/h3>\n<p>Spole\u010dnost T+A pr\u00e1v\u011b p\u0159ich\u00e1z\u00ed\u00a0s\u00a0novou \u0159adou komponent\u016f pat\u0159\u00edc\u00ed k\u00a0nejvy\u0161\u0161\u00ed t\u0159\u00edd\u011b. Jedn\u00e1 se o \u0159adu 200,\u00a0kter\u00e1 koncep\u010dn\u011b nahrazuje na ja\u0159e ukon\u010denou \u0159adu 8. Funk\u010dn\u011b a technick\u00fdmi\u00a0i zvukov\u00fdmi parametry v\u0161ak jde o produkty kter\u00e9 dosahuj\u00ed kvalit st\u00e1vaj\u00edc\u00edch\u00a0komponent\u016f nejvy\u0161\u0161\u00ed \u0159ady 3000HV, av\u0161ak ve v\u00fdrazn\u011b atraktivn\u011bj\u0161\u00ed cenov\u00e9\u00a0hladin\u011b. Jedn\u00e1 se o mnohazdrojov\u00fd p\u0159ehr\u00e1va\u010d MP200, DA p\u0159evodn\u00edk kombinovan\u00fd\u00a0s \u0159\u00edd\u00edc\u00edm zesilova\u010dem DAC200 a dvoukan\u00e1lov\u00fd v\u00fdkonov\u00fd zesilova\u010d A200. V\u0161echny\u00a0komponenty maj\u00ed \u0161\u00ed\u0159ku 32 cm a p\u016fsob\u00ed tak velmi decentn\u00edm dojmem, p\u0159i\u010dem\u017e jim\u00a0to nikterak neub\u00edr\u00e1 na respektu! K\u00a0\u0159ad\u011b 200 n\u00e1le\u017e\u00ed i sluch\u00e1tkov\u00fd zesilova\u010d HA200,\u00a0kter\u00fd byl na trh uveden ji\u017e na za\u010d\u00e1tku leto\u0161n\u00edho roku ve spojen\u00ed s magnetoplan\u00e1rn\u00edmi\u00a0sluch\u00e1tky Solitaire P.<\/p>\n<h3><img loading=\"lazy\" decoding=\"async\" class=\"wp-image-36459 alignnone\" src=\"https:\/\/www.altei.cz\/wp-content\/uploads\/2021\/03\/20830_TA_Serie_200_Milieu_02-845x684.jpg\" alt=\"\" width=\"627\" height=\"607\" \/><\/h3>\n<div  class='avia-button-wrap av-v564ol-f31732e1d4d5f58aa905092539c0d7a8-wrap avia-button-center  avia-builder-el-2  el_after_av_hr  avia-builder-el-last '><a href='https:\/\/www.altei.cz\/hifi\/series-200-ta-hifi\/'  class='avia-button av-v564ol-f31732e1d4d5f58aa905092539c0d7a8 av-link-btn avia-icon_select-no avia-size-small avia-position-center avia-color-theme-color'  target=\"_blank\"  rel=\"noopener noreferrer\"  aria-label=\"V\u00edce\"><span class='avia_iconbox_title' >V\u00edce<\/span><\/a><\/div>\n<\/div><\/section>\n","protected":false},"excerpt":{"rendered":"<p>Nov\u00e1 \u0159ada komponent\u016f T+A<\/p>\n","protected":false},"author":1,"featured_media":37551,"comment_status":"closed","ping_status":"closed","sticky":false,"template":"","format":"standard","meta":{"_jetpack_memberships_contains_paid_content":false,"footnotes":""},"categories":[164],"tags":[],"class_list":["post-35541","post","type-post","status-publish","format-standard","has-post-thumbnail","hentry","category-news-high-end"],"aioseo_notices":[],"jetpack_featured_media_url":"https:\/\/www.altei.cz\/hifi\/wp-content\/uploads\/2022\/02\/series-200-novinka-t-a-260x185-1.jpg","jetpack_sharing_enabled":true,"_links":{"self":[{"href":"https:\/\/www.altei.cz\/hifi\/wp-json\/wp\/v2\/posts\/35541","targetHints":{"allow":["GET"]}}],"collection":[{"href":"https:\/\/www.altei.cz\/hifi\/wp-json\/wp\/v2\/posts"}],"about":[{"href":"https:\/\/www.altei.cz\/hifi\/wp-json\/wp\/v2\/types\/post"}],"author":[{"embeddable":true,"href":"https:\/\/www.altei.cz\/hifi\/wp-json\/wp\/v2\/users\/1"}],"replies":[{"embeddable":true,"href":"https:\/\/www.altei.cz\/hifi\/wp-json\/wp\/v2\/comments?post=35541"}],"version-history":[{"count":0,"href":"https:\/\/www.altei.cz\/hifi\/wp-json\/wp\/v2\/posts\/35541\/revisions"}],"wp:featuredmedia":[{"embeddable":true,"href":"https:\/\/www.altei.cz\/hifi\/wp-json\/wp\/v2\/media\/37551"}],"wp:attachment":[{"href":"https:\/\/www.altei.cz\/hifi\/wp-json\/wp\/v2\/media?parent=35541"}],"wp:term":[{"taxonomy":"category","embeddable":true,"href":"https:\/\/www.altei.cz\/hifi\/wp-json\/wp\/v2\/categories?post=35541"},{"taxonomy":"post_tag","embeddable":true,"href":"https:\/\/www.altei.cz\/hifi\/wp-json\/wp\/v2\/tags?post=35541"}],"curies":[{"name":"wp","href":"https:\/\/api.w.org\/{rel}","templated":true}]}}