{"id":43128,"date":"2025-03-14T22:27:25","date_gmt":"2025-03-14T21:27:25","guid":{"rendered":"https:\/\/www.altei.cz\/hifi\/?p=43128"},"modified":"2025-03-15T13:14:09","modified_gmt":"2025-03-15T12:14:09","slug":"pozvanka-audio-video-show","status":"publish","type":"post","link":"https:\/\/www.altei.cz\/hifi\/2025\/03\/14\/pozvanka-audio-video-show\/","title":{"rendered":"POZV\u00c1NKA"},"content":{"rendered":"<section  class='av_textblock_section av-mz243m-b305fa96200f1497bcf2521770fab6a9 '   itemscope=\"itemscope\" itemtype=\"https:\/\/schema.org\/BlogPosting\" itemprop=\"blogPost\" ><div class='avia_textblock'  itemprop=\"text\" ><p><img loading=\"lazy\" decoding=\"async\" class=\"alignleft wp-image-43141\" src=\"https:\/\/www.altei.cz\/hifi\/wp-content\/uploads\/2025\/03\/avs.jpg\" alt=\"\" width=\"264\" height=\"251\" \/><\/p>\n<h2>Audio Video Show Praha 2025<\/h2>\n<p>V\u00e1\u017een\u00ed obchodn\u00ed p\u0159\u00e1tel\u00e9 a partne\u0159i,<\/p>\n<p>s radost\u00ed v\u00e1s zveme na dal\u0161\u00ed ro\u010dn\u00edk <a href=\"https:\/\/www.audio-video-show.cz\/\" target=\"_blank\" rel=\"noopener\">Audio Video Show Praha 2025<\/a> . Po n\u011bkolikalet\u00e9 pauze se tato presti\u017en\u00ed v\u00fdstava vrac\u00ed ve velk\u00e9m stylu a p\u0159esouv\u00e1 se do Vienna House by Wyndham Diplomat Prague (Hotel Diplomat). Uvid\u00edme se v <strong>p\u00e1tek a sobotu 28. a 29. b\u0159ezna 2025<\/strong>, v\u017edy od <strong>10:00 do 18:00<\/strong> hodin<\/p>\n<p>Najdete n\u00e1s v <strong>salonku<\/strong> <strong>LONDON<\/strong>, kde pro v\u00e1s budeme m\u00edt p\u0159ipraveno n\u011bkolik \u017ehav\u00fdch novinek a dal\u0161\u00ed zaj\u00edmav\u00e9 produkty.<\/p>\n<p>Dal\u0161\u00ed expozice bude potom v <strong>pokoji 435<\/strong>, kde se m\u016f\u017eete sezn\u00e1mit nejen s projektorem LEICA Cine 1 a souvisej\u00edc\u00edmi technologiemi.<\/p>\n<p>V neposledn\u00ed \u0159ad\u011b potom ve <strong>Foyer LORETTA<\/strong> budou prezentov\u00e1ny mo\u017enosti lifestyle all-in-one projektoru LEICA Cine Play 1<\/p>\n<p>a jeho schopnost skv\u011ble prom\u00edtat na b\u011b\u017enou ze\u010f za standardn\u00edch sv\u011bteln\u00fdch podm\u00ednek.<\/p>\n<\/div><\/section>\n<div  class='flex_column av-18820vs-d9b56be1f06da3bd48f515c86c71b63d av_two_third  avia-builder-el-1  el_after_av_textblock  el_before_av_one_third  first flex_column_div  column-top-margin'     ><section  class='av_textblock_section av-m89a2xig-2a1c5d7eac5ef1d32aeb091f988c29ad '   itemscope=\"itemscope\" itemtype=\"https:\/\/schema.org\/BlogPosting\" itemprop=\"blogPost\" ><div class='avia_textblock'  itemprop=\"text\" ><h3>Na co se m\u016f\u017eete t\u011b\u0161it ?<\/h3>\n<ul>\n<li>Sv\u011btov\u00e1 premi\u00e9ra Integrovan\u00e9ho steamovac\u00edho zesilova\u010de s DAC\u00a0 <a title=\"T+A Symphonia\" href=\"https:\/\/www.altei.cz\/hifi\/produkt\/ta-symphonia\/\"><strong>T+A Symphonia <\/strong><\/a><\/li>\n<li>\u010cesk\u00e1 premi\u00e9ra <strong>T+A reprosoustav <a title=\"T+A HIFI Talis\" href=\"https:\/\/www.altei.cz\/hifi\/ta-hifi-audio-loudspeakers-talis\/\" target=\"_blank\" rel=\"noopener\">TALIS S<\/a> a <a title=\"T+A HIFI Criterion S\" href=\"https:\/\/www.altei.cz\/hifi\/ta-hifi-audio-loudspeakers-criterion-s\/\" target=\"_blank\" rel=\"noopener\">Criterion S<\/a><\/strong><\/li>\n<li>\u010cesk\u00e1 premi\u00e9ra projektoru <a title=\"LEICA CINE PLAY 1\" href=\"https:\/\/www.altei.cz\/hifi\/leica-cine-play-1\/\" target=\"_blank\" rel=\"noopener\"><strong>LEICA CINE PLAY 1<\/strong><\/a><\/li>\n<li>\u010cesk\u00e1 premi\u00e9ra p\u0159enosek <a title=\"HANA\" href=\"https:\/\/www.altei.cz\/hifi\/hana\/\" target=\"_blank\" rel=\"noopener\"><strong>HANA S MKII<\/strong><\/a><\/li>\n<li>Gramofony <a title=\"Dr. Feickert Analogue\" href=\"https:\/\/www.altei.cz\/hifi\/dr-feickert-analogue\/\" target=\"_blank\" rel=\"noopener\"><strong><strong>Dr. Feickert Analogue<\/strong><\/strong><\/a><\/li>\n<li>Motorizovan\u00e1 projek\u010dn\u00ed plocha <strong>CELEXON<\/strong><\/li>\n<li>Zak\u00e1zkov\u00fd n\u00e1bytek pro Cinema TV<\/li>\n<li>Ramena <strong>REED<\/strong><\/li>\n<li>Magnetofonov\u00e9 p\u00e1sy a kazety <a title=\"RTM Recording The Masters\" href=\"https:\/\/www.altei.cz\/hifi\/rtm-recording-the-masters\/\" target=\"_blank\" rel=\"noopener\"><strong>RTM<\/strong><\/a><\/li>\n<li>Sluch\u00e1tka a zesilova\u010de <a href=\"https:\/\/www.altei.cz\/hifi\/stax\/\" target=\"_blank\" rel=\"noopener\"><strong>STAX<\/strong><\/a><\/li>\n<\/ul>\n<\/div><\/section><\/div><div  class='flex_column av-uxdiig-e029fa33672d065321b8b6ec8383fd48 av_one_third  avia-builder-el-3  el_after_av_two_third  el_before_av_button  flex_column_div  column-top-margin'     ><section  class='av_textblock_section av-m89an2bq-18f7e6bebefcdf95a358daddf11bcb93 '   itemscope=\"itemscope\" itemtype=\"https:\/\/schema.org\/BlogPosting\" itemprop=\"blogPost\" ><div class='avia_textblock'  itemprop=\"text\" ><p><img loading=\"lazy\" decoding=\"async\" class=\"wp-image-43145 alignright\" src=\"https:\/\/www.altei.cz\/hifi\/wp-content\/uploads\/2025\/03\/Talis_S330_Alu_04_Titel-scaled.jpg\" alt=\"\" width=\"219\" height=\"377\" \/><\/p>\n<\/div><\/section><\/div><\/p>\n<div  class='avia-button-wrap av-lijfcj9d-4b404afd9c98216291c95b51dc69c199-wrap avia-button-center  avia-builder-el-5  el_after_av_one_third  el_before_av_image '><a href='https:\/\/www.audio-video-show.cz\/'  class='avia-button av-lijfcj9d-4b404afd9c98216291c95b51dc69c199 av-link-btn avia-icon_select-no avia-size-small avia-position-center avia-color-theme-color'  target=\"_blank\"  rel=\"noopener noreferrer\"  aria-label=\"V\u00edce informac\u00ed o v\u00fdstav\u011b\"><span class='avia_iconbox_title' >V\u00edce informac\u00ed o v\u00fdstav\u011b<\/span><\/a><\/div>\n\n<style type=\"text\/css\" data-created_by=\"avia_inline_auto\" id=\"style-css-av-lijf6wvm-429d1062f227d1dcbfb1007609c64c34\">\n.avia-image-container.av-lijf6wvm-429d1062f227d1dcbfb1007609c64c34 img.avia_image{\nbox-shadow:none;\n}\n.avia-image-container.av-lijf6wvm-429d1062f227d1dcbfb1007609c64c34 .av-image-caption-overlay-center{\ncolor:#ffffff;\n}\n<\/style>\n<div  class='avia-image-container av-lijf6wvm-429d1062f227d1dcbfb1007609c64c34 av-styling- av-img-linked avia-align-center  avia-builder-el-6  el_after_av_button  avia-builder-el-last '   itemprop=\"image\" itemscope=\"itemscope\" itemtype=\"https:\/\/schema.org\/ImageObject\" ><div class=\"avia-image-container-inner\"><div class=\"avia-image-overlay-wrap\"><a href=\"https:\/\/www.altei.cz\/hifi\/produkt\/ta-symphonia\/\" class='avia_image '  target=\"_blank\"  rel=\"noopener noreferrer\" aria-label='T+A Symphonia'><img decoding=\"async\" fetchpriority=\"high\" class='wp-image-43134 avia-img-lazy-loading-not-43134 avia_image ' src=\"https:\/\/www.altei.cz\/hifi\/wp-content\/uploads\/2025\/03\/symphonia-1-fb.jpg\" alt='' title='T+A Symphonia'  height=\"1210\" width=\"2048\"  itemprop=\"thumbnailUrl\" srcset=\"https:\/\/www.altei.cz\/hifi\/wp-content\/uploads\/2025\/03\/symphonia-1-fb.jpg 2048w, https:\/\/www.altei.cz\/hifi\/wp-content\/uploads\/2025\/03\/symphonia-1-fb-300x177.jpg 300w, https:\/\/www.altei.cz\/hifi\/wp-content\/uploads\/2025\/03\/symphonia-1-fb-1030x609.jpg 1030w, https:\/\/www.altei.cz\/hifi\/wp-content\/uploads\/2025\/03\/symphonia-1-fb-768x454.jpg 768w, https:\/\/www.altei.cz\/hifi\/wp-content\/uploads\/2025\/03\/symphonia-1-fb-1536x908.jpg 1536w, https:\/\/www.altei.cz\/hifi\/wp-content\/uploads\/2025\/03\/symphonia-1-fb-1500x886.jpg 1500w, https:\/\/www.altei.cz\/hifi\/wp-content\/uploads\/2025\/03\/symphonia-1-fb-705x417.jpg 705w, https:\/\/www.altei.cz\/hifi\/wp-content\/uploads\/2025\/03\/symphonia-1-fb-450x266.jpg 450w, https:\/\/www.altei.cz\/hifi\/wp-content\/uploads\/2025\/03\/symphonia-1-fb-1320x780.jpg 1320w, https:\/\/www.altei.cz\/hifi\/wp-content\/uploads\/2025\/03\/symphonia-1-fb-600x354.jpg 600w\" sizes=\"(max-width: 2048px) 100vw, 2048px\" \/><\/a><\/div><\/div><\/div>\n","protected":false},"excerpt":{"rendered":"","protected":false},"author":1,"featured_media":43150,"comment_status":"closed","ping_status":"closed","sticky":false,"template":"","format":"standard","meta":{"_jetpack_memberships_contains_paid_content":false,"footnotes":""},"categories":[164],"tags":[513],"class_list":["post-43128","post","type-post","status-publish","format-standard","has-post-thumbnail","hentry","category-news-high-end","tag-domaci-kino"],"aioseo_notices":[],"jetpack_featured_media_url":"https:\/\/www.altei.cz\/hifi\/wp-content\/uploads\/2025\/03\/avs-1-copy.jpg","jetpack_sharing_enabled":true,"_links":{"self":[{"href":"https:\/\/www.altei.cz\/hifi\/wp-json\/wp\/v2\/posts\/43128","targetHints":{"allow":["GET"]}}],"collection":[{"href":"https:\/\/www.altei.cz\/hifi\/wp-json\/wp\/v2\/posts"}],"about":[{"href":"https:\/\/www.altei.cz\/hifi\/wp-json\/wp\/v2\/types\/post"}],"author":[{"embeddable":true,"href":"https:\/\/www.altei.cz\/hifi\/wp-json\/wp\/v2\/users\/1"}],"replies":[{"embeddable":true,"href":"https:\/\/www.altei.cz\/hifi\/wp-json\/wp\/v2\/comments?post=43128"}],"version-history":[{"count":0,"href":"https:\/\/www.altei.cz\/hifi\/wp-json\/wp\/v2\/posts\/43128\/revisions"}],"wp:featuredmedia":[{"embeddable":true,"href":"https:\/\/www.altei.cz\/hifi\/wp-json\/wp\/v2\/media\/43150"}],"wp:attachment":[{"href":"https:\/\/www.altei.cz\/hifi\/wp-json\/wp\/v2\/media?parent=43128"}],"wp:term":[{"taxonomy":"category","embeddable":true,"href":"https:\/\/www.altei.cz\/hifi\/wp-json\/wp\/v2\/categories?post=43128"},{"taxonomy":"post_tag","embeddable":true,"href":"https:\/\/www.altei.cz\/hifi\/wp-json\/wp\/v2\/tags?post=43128"}],"curies":[{"name":"wp","href":"https:\/\/api.w.org\/{rel}","templated":true}]}}