{"id":1170,"date":"2018-04-22T23:27:30","date_gmt":"2018-04-22T22:27:30","guid":{"rendered":"http:\/\/www.altei.cz\/wp-dcinema\/?p=1170"},"modified":"2018-10-10T10:50:51","modified_gmt":"2018-10-10T09:50:51","slug":"dci-rental-amadeus-milos-forman","status":"publish","type":"post","link":"https:\/\/www.altei.cz\/wp-dcinema\/dci-rental-amadeus-milos-forman\/","title":{"rendered":"DCI Rental pro Poctu Milo\u0161i Formanovi"},"content":{"rendered":"<p>&nbsp;<\/p>\n<p><img decoding=\"async\" loading=\"lazy\" class=\"alignleft wp-image-1172\" src=\"http:\/\/www.altei.cz\/wp-dcinema\/wp-content\/uploads\/2018\/06\/30592998_501509316919054_4701481750088384512_n.jpg\" alt=\"\" width=\"392\" height=\"410\" \/><\/p>\n<div id=\"js_u\" class=\"_5pbx userContent\">\n<p>Pocta Milo\u0161i Formanovi<br \/>\nNed\u011ble 22. 4.2018 &#8211; 17:30 &#8211; Smetanova s\u00ed\u0148 Obecn\u00edho domu v Praze<br \/>\nProm\u00edt\u00e1n\u00ed re\u017eis\u00e9rsk\u00e9ho st\u0159ihu filmu Amadeus (d\u00e9lka trv\u00e1n\u00ed cca 3h 40 min) za \u00fa\u010dasti Symfonick\u00e9ho orchestru hl. m\u011bsta Prahy FOK<br \/>\n4K projekce SONY SRX-R515 od Altei. Pro tento gala ve\u010der jsme zap\u016fj\u010dili kompletn\u00ed DCI projek\u010dn\u00ed technologii SONY 4K. Na\u0161i technici se postarali nejen o mont\u00e1\u017e, ale samoz\u0159ejm\u011b i o provoz tohoto za\u0159\u00edzen\u00ed. Na pl\u00e1tno napnut\u00e9 p\u0159ed varhanami na p\u00f3diu sv\u00edtil projektor SONY SRX-R515.<\/p>\n<\/div>\n<div class=\"_3x-2\"><\/div>\n<p>&nbsp;<\/p>\n<p>&nbsp;<\/p>\n\n<style type=\"text\/css\" data-created_by=\"avia_inline_auto\" id=\"style-css-av-35jdyq-3c2321b3848cfea9efd2791502ede6e0\">\n#top .avia-gallery.av-35jdyq-3c2321b3848cfea9efd2791502ede6e0 .avia-gallery-thumb a{\nwidth:20%;\n}\n<\/style>\n<div  class='avia-gallery av-35jdyq-3c2321b3848cfea9efd2791502ede6e0 avia_animate_when_visible  avia-builder-el-0  avia-builder-el-no-sibling  avia_lazyload avia-gallery-animate avia-gallery-1'  itemprop=\"image\" itemscope=\"itemscope\" itemtype=\"https:\/\/schema.org\/ImageObject\" ><meta itemprop=\"contentURL\" content=\"https:\/\/www.altei.cz\/wp-dcinema\/dci-rental-amadeus-milos-forman\/\"><div class='avia-gallery-thumb'><a href=\"https:\/\/www.altei.cz\/wp-dcinema\/wp-content\/uploads\/2018\/06\/30742250_2171598819523605_41013523177799680_n.jpg\" data-srcset=\"https:\/\/www.altei.cz\/wp-dcinema\/wp-content\/uploads\/2018\/06\/30742250_2171598819523605_41013523177799680_n.jpg 950w, https:\/\/www.altei.cz\/wp-dcinema\/wp-content\/uploads\/2018\/06\/30742250_2171598819523605_41013523177799680_n-80x66.jpg 80w, https:\/\/www.altei.cz\/wp-dcinema\/wp-content\/uploads\/2018\/06\/30742250_2171598819523605_41013523177799680_n-300x249.jpg 300w, https:\/\/www.altei.cz\/wp-dcinema\/wp-content\/uploads\/2018\/06\/30742250_2171598819523605_41013523177799680_n-768x636.jpg 768w, https:\/\/www.altei.cz\/wp-dcinema\/wp-content\/uploads\/2018\/06\/30742250_2171598819523605_41013523177799680_n-705x584.jpg 705w, https:\/\/www.altei.cz\/wp-dcinema\/wp-content\/uploads\/2018\/06\/30742250_2171598819523605_41013523177799680_n-450x373.jpg 450w\" data-sizes=\"(max-width: 950px) 100vw, 950px\" data-rel='gallery-1' data-prev-img='https:\/\/www.altei.cz\/wp-dcinema\/wp-content\/uploads\/2018\/06\/30742250_2171598819523605_41013523177799680_n-495x400.jpg' class='first_thumb lightbox ' data-onclick='1' title='30742250_2171598819523605_41013523177799680_n'  itemprop=\"thumbnailUrl\"  ><img decoding=\"async\" class=\"wp-image-1173 avia-img-lazy-loading-not-1173\"   src=\"https:\/\/www.altei.cz\/wp-dcinema\/wp-content\/uploads\/2018\/06\/30742250_2171598819523605_41013523177799680_n-495x400.jpg\" width=\"495\" height=\"400\"  title='30742250_2171598819523605_41013523177799680_n' alt='' srcset=\"https:\/\/www.altei.cz\/wp-dcinema\/wp-content\/uploads\/2018\/06\/30742250_2171598819523605_41013523177799680_n-495x400.jpg 495w, https:\/\/www.altei.cz\/wp-dcinema\/wp-content\/uploads\/2018\/06\/30742250_2171598819523605_41013523177799680_n-80x66.jpg 80w, https:\/\/www.altei.cz\/wp-dcinema\/wp-content\/uploads\/2018\/06\/30742250_2171598819523605_41013523177799680_n-845x684.jpg 845w\" sizes=\"(max-width: 495px) 100vw, 495px\" \/><div class='big-prev-fake'><img decoding=\"async\" loading=\"lazy\" class=\"wp-image-1173 avia-img-lazy-loading-1173\"  width=\"495\" height=\"400\" src=\"https:\/\/www.altei.cz\/wp-dcinema\/wp-content\/uploads\/2018\/06\/30742250_2171598819523605_41013523177799680_n-495x400.jpg\" title='30742250_2171598819523605_41013523177799680_n' alt='' srcset=\"https:\/\/www.altei.cz\/wp-dcinema\/wp-content\/uploads\/2018\/06\/30742250_2171598819523605_41013523177799680_n-495x400.jpg 495w, https:\/\/www.altei.cz\/wp-dcinema\/wp-content\/uploads\/2018\/06\/30742250_2171598819523605_41013523177799680_n-80x66.jpg 80w, https:\/\/www.altei.cz\/wp-dcinema\/wp-content\/uploads\/2018\/06\/30742250_2171598819523605_41013523177799680_n-845x684.jpg 845w\" sizes=\"(max-width: 495px) 100vw, 495px\" \/><\/div><\/a><a href=\"https:\/\/www.altei.cz\/wp-dcinema\/wp-content\/uploads\/2018\/06\/pocta-milosi-formanovi.jpg\" data-srcset=\"https:\/\/www.altei.cz\/wp-dcinema\/wp-content\/uploads\/2018\/06\/pocta-milosi-formanovi.jpg 750w, https:\/\/www.altei.cz\/wp-dcinema\/wp-content\/uploads\/2018\/06\/pocta-milosi-formanovi-80x39.jpg 80w, https:\/\/www.altei.cz\/wp-dcinema\/wp-content\/uploads\/2018\/06\/pocta-milosi-formanovi-300x146.jpg 300w, https:\/\/www.altei.cz\/wp-dcinema\/wp-content\/uploads\/2018\/06\/pocta-milosi-formanovi-705x342.jpg 705w, https:\/\/www.altei.cz\/wp-dcinema\/wp-content\/uploads\/2018\/06\/pocta-milosi-formanovi-450x218.jpg 450w\" data-sizes=\"(max-width: 750px) 100vw, 750px\" data-rel='gallery-1' data-prev-img='https:\/\/www.altei.cz\/wp-dcinema\/wp-content\/uploads\/2018\/06\/pocta-milosi-formanovi-495x364.jpg' class='lightbox ' data-onclick='2' title='pocta-milosi-formanovi'  itemprop=\"thumbnailUrl\"  ><img decoding=\"async\" class=\"wp-image-1174 avia-img-lazy-loading-not-1174\"   src=\"https:\/\/www.altei.cz\/wp-dcinema\/wp-content\/uploads\/2018\/06\/pocta-milosi-formanovi-495x364.jpg\" width=\"495\" height=\"364\"  title='pocta-milosi-formanovi' alt='' \/><div class='big-prev-fake'><img decoding=\"async\" loading=\"lazy\" class=\"wp-image-1174 avia-img-lazy-loading-1174\"  width=\"495\" height=\"364\" src=\"https:\/\/www.altei.cz\/wp-dcinema\/wp-content\/uploads\/2018\/06\/pocta-milosi-formanovi-495x364.jpg\" title='pocta-milosi-formanovi' alt='' \/><\/div><\/a><\/div><\/div>\n","protected":false},"excerpt":{"rendered":"<p>&nbsp; Pocta Milo\u0161i Formanovi Ned\u011ble 22. 4.2018 &#8211; 17:30 &#8211; Smetanova s\u00ed\u0148 Obecn\u00edho domu v Praze Prom\u00edt\u00e1n\u00ed re\u017eis\u00e9rsk\u00e9ho st\u0159ihu filmu Amadeus (d\u00e9lka trv\u00e1n\u00ed cca 3h 40 min) za \u00fa\u010dasti Symfonick\u00e9ho orchestru hl. m\u011bsta Prahy FOK 4K projekce SONY SRX-R515 od Altei. Pro tento gala ve\u010der jsme zap\u016fj\u010dili kompletn\u00ed DCI projek\u010dn\u00ed technologii SONY 4K. Na\u0161i technici [&hellip;]<\/p>\n","protected":false},"author":1,"featured_media":1171,"comment_status":"closed","ping_status":"open","sticky":false,"template":"","format":"standard","meta":[],"categories":[6,7],"tags":[39,14,40,38,27,19],"aioseo_notices":[],"_links":{"self":[{"href":"https:\/\/www.altei.cz\/wp-dcinema\/wp-json\/wp\/v2\/posts\/1170"}],"collection":[{"href":"https:\/\/www.altei.cz\/wp-dcinema\/wp-json\/wp\/v2\/posts"}],"about":[{"href":"https:\/\/www.altei.cz\/wp-dcinema\/wp-json\/wp\/v2\/types\/post"}],"author":[{"embeddable":true,"href":"https:\/\/www.altei.cz\/wp-dcinema\/wp-json\/wp\/v2\/users\/1"}],"replies":[{"embeddable":true,"href":"https:\/\/www.altei.cz\/wp-dcinema\/wp-json\/wp\/v2\/comments?post=1170"}],"version-history":[{"count":0,"href":"https:\/\/www.altei.cz\/wp-dcinema\/wp-json\/wp\/v2\/posts\/1170\/revisions"}],"wp:featuredmedia":[{"embeddable":true,"href":"https:\/\/www.altei.cz\/wp-dcinema\/wp-json\/wp\/v2\/media\/1171"}],"wp:attachment":[{"href":"https:\/\/www.altei.cz\/wp-dcinema\/wp-json\/wp\/v2\/media?parent=1170"}],"wp:term":[{"taxonomy":"category","embeddable":true,"href":"https:\/\/www.altei.cz\/wp-dcinema\/wp-json\/wp\/v2\/categories?post=1170"},{"taxonomy":"post_tag","embeddable":true,"href":"https:\/\/www.altei.cz\/wp-dcinema\/wp-json\/wp\/v2\/tags?post=1170"}],"curies":[{"name":"wp","href":"https:\/\/api.w.org\/{rel}","templated":true}]}}