{"id":1186,"date":"2018-07-08T11:58:34","date_gmt":"2018-07-08T10:58:34","guid":{"rendered":"http:\/\/www.altei.cz\/wp-dcinema\/?p=1186"},"modified":"2018-07-23T17:34:10","modified_gmt":"2018-07-23T16:34:10","slug":"mffkv-53th","status":"publish","type":"post","link":"https:\/\/www.altei.cz\/wp-dcinema\/mffkv-53th\/","title":{"rendered":"MFFKV 53th &#8211; Festival skon\u010dil"},"content":{"rendered":"<p><img decoding=\"async\" loading=\"lazy\" class=\"alignleft size-full wp-image-1188\" src=\"http:\/\/www.altei.cz\/wp-dcinema\/wp-content\/uploads\/2018\/06\/31543598_10155183585111924_6626404951633428480_o.jpg\" alt=\"\" width=\"1399\" height=\"581\" srcset=\"https:\/\/www.altei.cz\/wp-dcinema\/wp-content\/uploads\/2018\/06\/31543598_10155183585111924_6626404951633428480_o.jpg 1399w, https:\/\/www.altei.cz\/wp-dcinema\/wp-content\/uploads\/2018\/06\/31543598_10155183585111924_6626404951633428480_o-80x33.jpg 80w, https:\/\/www.altei.cz\/wp-dcinema\/wp-content\/uploads\/2018\/06\/31543598_10155183585111924_6626404951633428480_o-300x125.jpg 300w, https:\/\/www.altei.cz\/wp-dcinema\/wp-content\/uploads\/2018\/06\/31543598_10155183585111924_6626404951633428480_o-768x319.jpg 768w, https:\/\/www.altei.cz\/wp-dcinema\/wp-content\/uploads\/2018\/06\/31543598_10155183585111924_6626404951633428480_o-1030x428.jpg 1030w, https:\/\/www.altei.cz\/wp-dcinema\/wp-content\/uploads\/2018\/06\/31543598_10155183585111924_6626404951633428480_o-705x293.jpg 705w, https:\/\/www.altei.cz\/wp-dcinema\/wp-content\/uploads\/2018\/06\/31543598_10155183585111924_6626404951633428480_o-450x187.jpg 450w\" sizes=\"(max-width: 1399px) 100vw, 1399px\" \/><br \/>\n53. Mezin\u00e1rodn\u00ed filmov\u00fd festival Karlovy Vary je minulost\u00ed . T\u011b\u0161\u00edme se na dal\u0161\u00ed ro\u010dn\u00edk\u00a0!<\/p>\n<p>&nbsp;<\/p>\n","protected":false},"excerpt":{"rendered":"<p>53. Mezin\u00e1rodn\u00ed filmov\u00fd festival Karlovy Vary je minulost\u00ed . T\u011b\u0161\u00edme se na dal\u0161\u00ed ro\u010dn\u00edk\u00a0! &nbsp;<\/p>\n","protected":false},"author":1,"featured_media":1187,"comment_status":"closed","ping_status":"closed","sticky":false,"template":"","format":"gallery","meta":[],"categories":[7],"tags":[],"aioseo_notices":[],"_links":{"self":[{"href":"https:\/\/www.altei.cz\/wp-dcinema\/wp-json\/wp\/v2\/posts\/1186"}],"collection":[{"href":"https:\/\/www.altei.cz\/wp-dcinema\/wp-json\/wp\/v2\/posts"}],"about":[{"href":"https:\/\/www.altei.cz\/wp-dcinema\/wp-json\/wp\/v2\/types\/post"}],"author":[{"embeddable":true,"href":"https:\/\/www.altei.cz\/wp-dcinema\/wp-json\/wp\/v2\/users\/1"}],"replies":[{"embeddable":true,"href":"https:\/\/www.altei.cz\/wp-dcinema\/wp-json\/wp\/v2\/comments?post=1186"}],"version-history":[{"count":0,"href":"https:\/\/www.altei.cz\/wp-dcinema\/wp-json\/wp\/v2\/posts\/1186\/revisions"}],"wp:featuredmedia":[{"embeddable":true,"href":"https:\/\/www.altei.cz\/wp-dcinema\/wp-json\/wp\/v2\/media\/1187"}],"wp:attachment":[{"href":"https:\/\/www.altei.cz\/wp-dcinema\/wp-json\/wp\/v2\/media?parent=1186"}],"wp:term":[{"taxonomy":"category","embeddable":true,"href":"https:\/\/www.altei.cz\/wp-dcinema\/wp-json\/wp\/v2\/categories?post=1186"},{"taxonomy":"post_tag","embeddable":true,"href":"https:\/\/www.altei.cz\/wp-dcinema\/wp-json\/wp\/v2\/tags?post=1186"}],"curies":[{"name":"wp","href":"https:\/\/api.w.org\/{rel}","templated":true}]}}