{"id":1194,"date":"2018-07-08T17:35:30","date_gmt":"2018-07-08T16:35:30","guid":{"rendered":"http:\/\/www.altei.cz\/wp-dcinema\/?p=1194"},"modified":"2018-08-21T11:17:06","modified_gmt":"2018-08-21T10:17:06","slug":"mffkv-53th-festival-support","status":"publish","type":"post","link":"https:\/\/www.altei.cz\/wp-dcinema\/mffkv-53th-festival-support\/","title":{"rendered":"MFFKV 53th &#8211; Festivalov\u00e1 podpora"},"content":{"rendered":"<p><img decoding=\"async\" loading=\"lazy\" class=\"alignleft size-full wp-image-1188\" src=\"http:\/\/www.altei.cz\/wp-dcinema\/wp-content\/uploads\/2018\/06\/31543598_10155183585111924_6626404951633428480_o.jpg\" alt=\"\" width=\"1399\" height=\"581\" srcset=\"https:\/\/www.altei.cz\/wp-dcinema\/wp-content\/uploads\/2018\/06\/31543598_10155183585111924_6626404951633428480_o.jpg 1399w, https:\/\/www.altei.cz\/wp-dcinema\/wp-content\/uploads\/2018\/06\/31543598_10155183585111924_6626404951633428480_o-80x33.jpg 80w, https:\/\/www.altei.cz\/wp-dcinema\/wp-content\/uploads\/2018\/06\/31543598_10155183585111924_6626404951633428480_o-300x125.jpg 300w, https:\/\/www.altei.cz\/wp-dcinema\/wp-content\/uploads\/2018\/06\/31543598_10155183585111924_6626404951633428480_o-768x319.jpg 768w, https:\/\/www.altei.cz\/wp-dcinema\/wp-content\/uploads\/2018\/06\/31543598_10155183585111924_6626404951633428480_o-1030x428.jpg 1030w, https:\/\/www.altei.cz\/wp-dcinema\/wp-content\/uploads\/2018\/06\/31543598_10155183585111924_6626404951633428480_o-705x293.jpg 705w, https:\/\/www.altei.cz\/wp-dcinema\/wp-content\/uploads\/2018\/06\/31543598_10155183585111924_6626404951633428480_o-450x187.jpg 450w\" sizes=\"(max-width: 1399px) 100vw, 1399px\" \/><br \/>\n53. Mezin\u00e1rodn\u00ed filmov\u00fd festival Karlovy Vary ( p\u00e1tek 29.6 a\u017e v sobota 7. \u010dervence 2017) je ji\u017e minulost\u00ed. \u00a0Jako v\u017edy jsme byli\u00a0p\u0159\u00edmo uprost\u0159ed d\u011bn\u00ed &#8230; Je\u0161t\u011b ne\u017e to v\u0161echno za\u010dalo museli\u00a0vym\u011bnit hlavn\u00ed projek\u010dn\u00ed plochu ve velk\u00e9m s\u00e1le kina hotelu Thermal. Ob\u0159\u00ed pl\u00e1tno Harkness p\u0159ivezl kamion a potom u\u017e to bylo na centimetry &#8211; prov\u00e9zt ho do hlavn\u00edho s\u00e1lu. \u00a0V akci byly\u00a0rental projektory SONY 4K typu SRX-R515 a SRX-R510 s obsluhou, \u00a0spr\u00e1va DCP obsahu atd&#8230; T\u011b\u0161\u00edme se na dal\u0161\u00ed ro\u010dn\u00edk\u00a0!<\/p>\n<p>&nbsp;<\/p>\n","protected":false},"excerpt":{"rendered":"<p>53. Mezin\u00e1rodn\u00ed filmov\u00fd festival Karlovy Vary ( p\u00e1tek 29.6 a\u017e v sobota 7. \u010dervence 2017) je ji\u017e minulost\u00ed. \u00a0Jako v\u017edy jsme byli\u00a0p\u0159\u00edmo uprost\u0159ed d\u011bn\u00ed &#8230; Je\u0161t\u011b ne\u017e to v\u0161echno za\u010dalo museli\u00a0vym\u011bnit hlavn\u00ed projek\u010dn\u00ed plochu ve velk\u00e9m s\u00e1le kina hotelu Thermal. Ob\u0159\u00ed pl\u00e1tno Harkness p\u0159ivezl kamion a potom u\u017e to bylo na centimetry &#8211; prov\u00e9zt ho [&hellip;]<\/p>\n","protected":false},"author":1,"featured_media":1187,"comment_status":"closed","ping_status":"closed","sticky":false,"template":"","format":"standard","meta":[],"categories":[6,7],"tags":[42,43],"aioseo_notices":[],"_links":{"self":[{"href":"https:\/\/www.altei.cz\/wp-dcinema\/wp-json\/wp\/v2\/posts\/1194"}],"collection":[{"href":"https:\/\/www.altei.cz\/wp-dcinema\/wp-json\/wp\/v2\/posts"}],"about":[{"href":"https:\/\/www.altei.cz\/wp-dcinema\/wp-json\/wp\/v2\/types\/post"}],"author":[{"embeddable":true,"href":"https:\/\/www.altei.cz\/wp-dcinema\/wp-json\/wp\/v2\/users\/1"}],"replies":[{"embeddable":true,"href":"https:\/\/www.altei.cz\/wp-dcinema\/wp-json\/wp\/v2\/comments?post=1194"}],"version-history":[{"count":0,"href":"https:\/\/www.altei.cz\/wp-dcinema\/wp-json\/wp\/v2\/posts\/1194\/revisions"}],"wp:featuredmedia":[{"embeddable":true,"href":"https:\/\/www.altei.cz\/wp-dcinema\/wp-json\/wp\/v2\/media\/1187"}],"wp:attachment":[{"href":"https:\/\/www.altei.cz\/wp-dcinema\/wp-json\/wp\/v2\/media?parent=1194"}],"wp:term":[{"taxonomy":"category","embeddable":true,"href":"https:\/\/www.altei.cz\/wp-dcinema\/wp-json\/wp\/v2\/categories?post=1194"},{"taxonomy":"post_tag","embeddable":true,"href":"https:\/\/www.altei.cz\/wp-dcinema\/wp-json\/wp\/v2\/tags?post=1194"}],"curies":[{"name":"wp","href":"https:\/\/api.w.org\/{rel}","templated":true}]}}