{"id":1432,"date":"2020-04-03T22:19:28","date_gmt":"2020-04-03T21:19:28","guid":{"rendered":"https:\/\/www.altei.cz\/wp-dcinema\/?p=1432"},"modified":"2020-04-27T11:02:54","modified_gmt":"2020-04-27T10:02:54","slug":"projekcni-system-v-odstavenem-kine","status":"publish","type":"post","link":"https:\/\/www.altei.cz\/wp-dcinema\/projekcni-system-v-odstavenem-kine\/","title":{"rendered":"Projek\u010dn\u00ed syst\u00e9m v odstaven\u00e9m kin\u011b"},"content":{"rendered":"<section  class='av_textblock_section av-k8kozuuo-dcb2a2a62be0127ef4d05412d906e263 '   itemscope=\"itemscope\" itemtype=\"https:\/\/schema.org\/BlogPosting\" itemprop=\"blogPost\" ><div class='avia_textblock'  itemprop=\"text\" ><p>V\u00e1\u017een\u00ed kina\u0159i,<br class=\"\"><br class=\"\">Douf\u00e1me, \u017ee vy a va\u0161e rodiny jste v tomto velmi t\u011b\u017ek\u00e9m obdob\u00ed v po\u0159\u00e1dku. Kina jsou na\u0159\u00edzen\u00edm vl\u00e1dy \u010cR uzav\u0159ena (a to nejenom u n\u00e1s , ale ve v\u011bt\u0161in\u011b evropsk\u00fdch zem\u00ed)<\/p>\n<p>Samoz\u0159ejm\u011b v\u0161ichni douf\u00e1me, \u017ee to nebude trvat p\u0159\u00edli\u0161 dlouho a p\u0159ejeme si abychom v\u0161ichni mohli co nejd\u0159\u00edve obnovit norm\u00e1ln\u00ed provozn\u00ed \u010dinnost.<br class=\"\">Ov\u0161em b\u011bhem tohoto obdob\u00ed bychom v\u00e1m r\u00e1di navrhli n\u00e1sleduj\u00edc\u00ed o\u0161et\u0159ov\u00e1n\u00ed projek\u010dn\u00edch syst\u00e9m\u016f Sony. Tato opat\u0159en\u00ed nejsou vy\u017eadov\u00e1na nezbytn\u011b, nicm\u00e9n\u011b usnadn\u00ed znovuzprovozn\u011bn\u00ed projek\u010dn\u00edch syst\u00e9m\u016f a\u017e tato vyj\u00edme\u010dn\u00e1 opat\u0159en\u00ed pominou.<\/p>\n<table cellspacing=\"0\" cellpadding=\"0\" border=\"0\">\n<tbody class=\"\">\n<tr class=\"\">\n<td class=\"\">\n<div class=\"\"><span class=\"\"><b class=\"\">SRX-R320 \/ SRX-R515 \/ SRX-R815<\/b><\/span><\/div>\n<\/td>\n<td class=\"\" valign=\"bottom\">\n<div class=\"\"><span class=\"\">Ponechte projektory ve standby m\u00f3du aby mohly b\u00fdt ka\u017ed\u00fd t\u00fdden zapnuty na 2 hodiny. &nbsp;To vy\u017eaduje aby odtahov\u00fd syst\u00e9m byl zapnut\u00fd po dobu t\u011bchto dvou hodin a tak\u00e9 server va\u0161eho projektoru mus\u00ed pracovat.<\/span><\/div>\n<\/td>\n<\/tr>\n<tr class=\"\">\n<td class=\"\" valign=\"bottom\">\n<div class=\"\"><span class=\"\"><b class=\"\">LMT-300 \/ XCT-S10 servers<\/b><\/span><\/div>\n<\/td>\n<td class=\"\" valign=\"bottom\">\n<div class=\"\"><span class=\"\">Prove\u010fte v\u017edy \u0159\u00e1dn\u00fd vyp\u00ednac\u00ed postup. Nastartujte jednou t\u00fddn\u011b spolu s projektorry. (viz naho\u0159e)&nbsp;<\/span><\/div>\n<\/td>\n<\/tr>\n<tr class=\"\">\n<td class=\"\" valign=\"bottom\">\n<div class=\"\"><span class=\"\"><b class=\"\">TMS server<\/b><\/span><\/div>\n<\/td>\n<td class=\"\" valign=\"bottom\">\n<div class=\"\"><span class=\"\">Prove\u010fte v\u017edy \u0159\u00e1dn\u00fd vyp\u00ednac\u00ed postup<\/span><\/div>\n<\/td>\n<\/tr>\n<\/tbody>\n<\/table>\n<p>M\u011bjte na pam\u011bti :<\/p>\n<ul class=\"\" dir=\"ltr\">\n<li class=\"\">\n<div class=\"\"><span class=\"translation tlid-translation\" lang=\"cs\">Pokud jde o samotn\u00fd projektor, pokud jel nelze z jak\u00e9hokoli d\u016fvodu zapnout, neexistuje absolutn\u011b \u017e\u00e1dn\u00e9 riziko po\u0161kozen\u00ed \u017e\u00e1dn\u00e9 z jeho \u010d\u00e1st\u00ed.<\/span><\/div>\n<\/li>\n<li class=\"\"><span class=\"translation tlid-translation\" lang=\"cs\">Pokud jde o servery, je opravdu d\u016fle\u017eit\u00e9 prov\u00e9st \u0159\u00e1dn\u00e9 vypnut\u00ed, aby nedo\u0161lo k po\u0161kozen\u00ed a selh\u00e1n\u00ed opera\u010dn\u00edho syst\u00e9mu p\u0159i prvn\u00edm zapnut\u00ed po znovuzprovozn\u011bn\u00ed kin.<\/span><\/li>\n<\/ul>\n<p>V p\u0159\u00edpad\u011b jak\u00fdchkoli dotaz\u016f n\u00e1s pros\u00edm kontaktujte .<\/p>\n<\/div><\/section>\n","protected":false},"excerpt":{"rendered":"","protected":false},"author":1,"featured_media":1433,"comment_status":"closed","ping_status":"closed","sticky":false,"template":"","format":"standard","meta":[],"categories":[6,7],"tags":[52,14,59,10,60,58],"aioseo_notices":[],"_links":{"self":[{"href":"https:\/\/www.altei.cz\/wp-dcinema\/wp-json\/wp\/v2\/posts\/1432"}],"collection":[{"href":"https:\/\/www.altei.cz\/wp-dcinema\/wp-json\/wp\/v2\/posts"}],"about":[{"href":"https:\/\/www.altei.cz\/wp-dcinema\/wp-json\/wp\/v2\/types\/post"}],"author":[{"embeddable":true,"href":"https:\/\/www.altei.cz\/wp-dcinema\/wp-json\/wp\/v2\/users\/1"}],"replies":[{"embeddable":true,"href":"https:\/\/www.altei.cz\/wp-dcinema\/wp-json\/wp\/v2\/comments?post=1432"}],"version-history":[{"count":3,"href":"https:\/\/www.altei.cz\/wp-dcinema\/wp-json\/wp\/v2\/posts\/1432\/revisions"}],"predecessor-version":[{"id":1448,"href":"https:\/\/www.altei.cz\/wp-dcinema\/wp-json\/wp\/v2\/posts\/1432\/revisions\/1448"}],"wp:featuredmedia":[{"embeddable":true,"href":"https:\/\/www.altei.cz\/wp-dcinema\/wp-json\/wp\/v2\/media\/1433"}],"wp:attachment":[{"href":"https:\/\/www.altei.cz\/wp-dcinema\/wp-json\/wp\/v2\/media?parent=1432"}],"wp:term":[{"taxonomy":"category","embeddable":true,"href":"https:\/\/www.altei.cz\/wp-dcinema\/wp-json\/wp\/v2\/categories?post=1432"},{"taxonomy":"post_tag","embeddable":true,"href":"https:\/\/www.altei.cz\/wp-dcinema\/wp-json\/wp\/v2\/tags?post=1432"}],"curies":[{"name":"wp","href":"https:\/\/api.w.org\/{rel}","templated":true}]}}