{"id":1463,"date":"2020-04-27T15:23:00","date_gmt":"2020-04-27T14:23:00","guid":{"rendered":"https:\/\/www.altei.cz\/wp-dcinema\/?p=1463"},"modified":"2020-04-28T09:34:45","modified_gmt":"2020-04-28T08:34:45","slug":"specialni-verze-tradicni-prehlidky-vary-ve-vasem-kine","status":"publish","type":"post","link":"https:\/\/www.altei.cz\/wp-dcinema\/specialni-verze-tradicni-prehlidky-vary-ve-vasem-kine\/","title":{"rendered":"Speci\u00e1ln\u00ed verze tradi\u010dn\u00ed p\u0159ehl\u00eddky Vary ve va\u0161em kin\u011b"},"content":{"rendered":"<section  class='av_textblock_section av-k9jnm5ee-02cb847b36479f7c0a963f4b7c0165dc '   itemscope=\"itemscope\" itemtype=\"https:\/\/schema.org\/BlogPosting\" itemprop=\"blogPost\" ><div class='avia_textblock'  itemprop=\"text\" ><h1><strong>Speci\u00e1ln\u00ed verze tradi\u010dn\u00ed p\u0159ehl\u00eddky Vary ve va\u0161em kin\u011b<\/strong><\/h1>\n<p>P\u0159i p\u0159\u00edprav\u00e1ch 55. ro\u010dn\u00edku MFF KV zhl\u00e9dli \u010dlenov\u00e9 programov\u00e9ho odd\u011blen\u00ed festivalu \u0159adu zaj\u00edmav\u00fdch filmov\u00fdch titul\u016f, o nich\u017e jsme p\u0159esv\u011bd\u010deni, \u017ee by m\u011bly velkou odezvu u festivalov\u00e9ho publika. Vzhledem k\u00a0tomu, \u017ee pl\u00e1n uvol\u0148ov\u00e1n\u00ed opat\u0159en\u00ed vl\u00e1dy po\u010d\u00edt\u00e1 s\u00a0otev\u0159en\u00edm kin pro dan\u00fd po\u010det n\u00e1v\u0161t\u011bvn\u00edk\u016f od 8. \u010dervna, rozhodli jsme se p\u0159ipravit speci\u00e1ln\u00ed verzi tradi\u010dn\u00ed p\u0159ehl\u00eddky <strong>Vary ve va\u0161em kin\u011b<\/strong>, kter\u00e1 by v\u00a0p\u016fvodn\u00edm festivalov\u00e9m term\u00ednu <strong>(3.-11.7.2020)<\/strong> nab\u00eddla div\u00e1k\u016fm kin po cel\u00e9 \u010cesk\u00e9 republice mimo\u0159\u00e1dn\u00fd v\u00fdb\u011br sn\u00edmk\u016f, kter\u00e9 stoj\u00ed za to vid\u011bt.<\/p>\n<\/div><\/section>\n","protected":false},"excerpt":{"rendered":"","protected":false},"author":1,"featured_media":1464,"comment_status":"closed","ping_status":"closed","sticky":false,"template":"","format":"standard","meta":[],"categories":[6],"tags":[],"aioseo_notices":[],"_links":{"self":[{"href":"https:\/\/www.altei.cz\/wp-dcinema\/wp-json\/wp\/v2\/posts\/1463"}],"collection":[{"href":"https:\/\/www.altei.cz\/wp-dcinema\/wp-json\/wp\/v2\/posts"}],"about":[{"href":"https:\/\/www.altei.cz\/wp-dcinema\/wp-json\/wp\/v2\/types\/post"}],"author":[{"embeddable":true,"href":"https:\/\/www.altei.cz\/wp-dcinema\/wp-json\/wp\/v2\/users\/1"}],"replies":[{"embeddable":true,"href":"https:\/\/www.altei.cz\/wp-dcinema\/wp-json\/wp\/v2\/comments?post=1463"}],"version-history":[{"count":1,"href":"https:\/\/www.altei.cz\/wp-dcinema\/wp-json\/wp\/v2\/posts\/1463\/revisions"}],"predecessor-version":[{"id":1465,"href":"https:\/\/www.altei.cz\/wp-dcinema\/wp-json\/wp\/v2\/posts\/1463\/revisions\/1465"}],"wp:featuredmedia":[{"embeddable":true,"href":"https:\/\/www.altei.cz\/wp-dcinema\/wp-json\/wp\/v2\/media\/1464"}],"wp:attachment":[{"href":"https:\/\/www.altei.cz\/wp-dcinema\/wp-json\/wp\/v2\/media?parent=1463"}],"wp:term":[{"taxonomy":"category","embeddable":true,"href":"https:\/\/www.altei.cz\/wp-dcinema\/wp-json\/wp\/v2\/categories?post=1463"},{"taxonomy":"post_tag","embeddable":true,"href":"https:\/\/www.altei.cz\/wp-dcinema\/wp-json\/wp\/v2\/tags?post=1463"}],"curies":[{"name":"wp","href":"https:\/\/api.w.org\/{rel}","templated":true}]}}