{"id":879,"date":"2017-03-27T13:39:56","date_gmt":"2017-03-27T12:39:56","guid":{"rendered":"http:\/\/www.altei.cz\/wp-dcinema\/?p=879"},"modified":"2018-11-19T15:57:36","modified_gmt":"2018-11-19T14:57:36","slug":"febio-fest-2017-rental","status":"publish","type":"post","link":"https:\/\/www.altei.cz\/wp-dcinema\/febio-fest-2017-rental\/","title":{"rendered":"DCI Rental pro slavnostn\u00ed zah\u00e1jen\u00ed Febio Festu"},"content":{"rendered":"<p>&nbsp;<\/p>\n<p><img decoding=\"async\" loading=\"lazy\" class=\"alignleft wp-image-880\" src=\"http:\/\/www.altei.cz\/wp-dcinema\/wp-content\/uploads\/2017\/03\/IMG_20170323_090743.jpg\" alt=\"\" width=\"438\" height=\"228\" \/><\/p>\n<div id=\"js_u\" class=\"_5pbx userContent\">\n<p>Slavnostn\u00ed zah\u00e1jen\u00ed leto\u0161n\u00edho Febio Festu prob\u011bhlo 23.3. 2017 v pra\u017esk\u00e9m Obecn\u00edm dom\u011b. Pro tento gala ve\u010der jsme zap\u016fj\u010dili kompletn\u00ed DCI projek\u010dn\u00ed technologii SONY 4K. Na\u0161i technici se postarali nejen o mont\u00e1\u017e, ale samoz\u0159ejm\u011b i o provoz tohoto za\u0159\u00edzen\u00ed. Na pl\u00e1tno napnut\u00e9 p\u0159ed varhanami na p\u00f3diu sv\u00edtil projektor SONY SRX-R515.<\/p>\n<\/div>\n<div class=\"_3x-2\"><\/div>\n<p>&nbsp;<\/p>\n<p>&nbsp;<\/p>\n\n<style type=\"text\/css\" data-created_by=\"avia_inline_auto\" id=\"style-css-av-b672n-40787581979739ed3c27986ea5222b78\">\n#top .avia-gallery.av-b672n-40787581979739ed3c27986ea5222b78 .avia-gallery-thumb a{\nwidth:20%;\n}\n<\/style>\n<div  class='avia-gallery av-b672n-40787581979739ed3c27986ea5222b78 avia_animate_when_visible  avia-builder-el-0  avia-builder-el-no-sibling  avia_lazyload avia-gallery-animate avia-gallery-1'  itemprop=\"image\" itemscope=\"itemscope\" itemtype=\"https:\/\/schema.org\/ImageObject\" ><meta itemprop=\"contentURL\" content=\"https:\/\/www.altei.cz\/wp-dcinema\/febio-fest-2017-rental\/\"><div class='avia-gallery-thumb'><a href=\"https:\/\/www.altei.cz\/wp-dcinema\/wp-content\/uploads\/2017\/03\/IMG_20170323_192435-1030x580.jpg\" data-srcset=\"https:\/\/www.altei.cz\/wp-dcinema\/wp-content\/uploads\/2017\/03\/IMG_20170323_192435-1030x580.jpg 1030w, https:\/\/www.altei.cz\/wp-dcinema\/wp-content\/uploads\/2017\/03\/IMG_20170323_192435-80x45.jpg 80w, https:\/\/www.altei.cz\/wp-dcinema\/wp-content\/uploads\/2017\/03\/IMG_20170323_192435-300x169.jpg 300w, https:\/\/www.altei.cz\/wp-dcinema\/wp-content\/uploads\/2017\/03\/IMG_20170323_192435-768x432.jpg 768w, https:\/\/www.altei.cz\/wp-dcinema\/wp-content\/uploads\/2017\/03\/IMG_20170323_192435-1500x844.jpg 1500w, https:\/\/www.altei.cz\/wp-dcinema\/wp-content\/uploads\/2017\/03\/IMG_20170323_192435-705x397.jpg 705w, https:\/\/www.altei.cz\/wp-dcinema\/wp-content\/uploads\/2017\/03\/IMG_20170323_192435-450x253.jpg 450w\" data-sizes=\"(max-width: 1030px) 100vw, 1030px\" data-rel='gallery-1' data-prev-img='https:\/\/www.altei.cz\/wp-dcinema\/wp-content\/uploads\/2017\/03\/IMG_20170323_192435-495x400.jpg' class='first_thumb lightbox ' data-onclick='1' title='Zah\u00e1jen\u00ed FebioFestu 2017 '  itemprop=\"thumbnailUrl\"  ><img decoding=\"async\" class=\"wp-image-882 avia-img-lazy-loading-not-882\"  data-avia-tooltip='Zah\u00e1jen\u00ed FebioFestu 2017 ' src=\"https:\/\/www.altei.cz\/wp-dcinema\/wp-content\/uploads\/2017\/03\/IMG_20170323_192435-495x400.jpg\" width=\"495\" height=\"400\"  title='IMG_20170323_192435' alt='' srcset=\"https:\/\/www.altei.cz\/wp-dcinema\/wp-content\/uploads\/2017\/03\/IMG_20170323_192435-495x400.jpg 495w, https:\/\/www.altei.cz\/wp-dcinema\/wp-content\/uploads\/2017\/03\/IMG_20170323_192435-845x684.jpg 845w\" sizes=\"(max-width: 495px) 100vw, 495px\" \/><div class='big-prev-fake'><img decoding=\"async\" loading=\"lazy\" class=\"wp-image-882 avia-img-lazy-loading-882\"  width=\"495\" height=\"400\" src=\"https:\/\/www.altei.cz\/wp-dcinema\/wp-content\/uploads\/2017\/03\/IMG_20170323_192435-495x400.jpg\" title='IMG_20170323_192435' alt='' srcset=\"https:\/\/www.altei.cz\/wp-dcinema\/wp-content\/uploads\/2017\/03\/IMG_20170323_192435-495x400.jpg 495w, https:\/\/www.altei.cz\/wp-dcinema\/wp-content\/uploads\/2017\/03\/IMG_20170323_192435-845x684.jpg 845w\" sizes=\"(max-width: 495px) 100vw, 495px\" \/><\/div><\/a><a href=\"https:\/\/www.altei.cz\/wp-dcinema\/wp-content\/uploads\/2017\/03\/IMG_20170323_090743-1030x580.jpg\" data-srcset=\"https:\/\/www.altei.cz\/wp-dcinema\/wp-content\/uploads\/2017\/03\/IMG_20170323_090743-1030x580.jpg 1030w, https:\/\/www.altei.cz\/wp-dcinema\/wp-content\/uploads\/2017\/03\/IMG_20170323_090743-80x45.jpg 80w, https:\/\/www.altei.cz\/wp-dcinema\/wp-content\/uploads\/2017\/03\/IMG_20170323_090743-300x169.jpg 300w, https:\/\/www.altei.cz\/wp-dcinema\/wp-content\/uploads\/2017\/03\/IMG_20170323_090743-768x432.jpg 768w, https:\/\/www.altei.cz\/wp-dcinema\/wp-content\/uploads\/2017\/03\/IMG_20170323_090743-1500x844.jpg 1500w, https:\/\/www.altei.cz\/wp-dcinema\/wp-content\/uploads\/2017\/03\/IMG_20170323_090743-705x397.jpg 705w, https:\/\/www.altei.cz\/wp-dcinema\/wp-content\/uploads\/2017\/03\/IMG_20170323_090743-450x253.jpg 450w\" data-sizes=\"(max-width: 1030px) 100vw, 1030px\" data-rel='gallery-1' data-prev-img='https:\/\/www.altei.cz\/wp-dcinema\/wp-content\/uploads\/2017\/03\/IMG_20170323_090743-495x400.jpg' class='lightbox ' data-onclick='2' title='Instalace projektoru na balk\u00f3n\u011b '  itemprop=\"thumbnailUrl\"  ><img decoding=\"async\" class=\"wp-image-880 avia-img-lazy-loading-not-880\"  data-avia-tooltip='Instalace projektoru na balk\u00f3n\u011b ' src=\"https:\/\/www.altei.cz\/wp-dcinema\/wp-content\/uploads\/2017\/03\/IMG_20170323_090743-495x400.jpg\" width=\"495\" height=\"400\"  title='IMG_20170323_090743' alt='' srcset=\"https:\/\/www.altei.cz\/wp-dcinema\/wp-content\/uploads\/2017\/03\/IMG_20170323_090743-495x400.jpg 495w, https:\/\/www.altei.cz\/wp-dcinema\/wp-content\/uploads\/2017\/03\/IMG_20170323_090743-845x684.jpg 845w\" sizes=\"(max-width: 495px) 100vw, 495px\" \/><div class='big-prev-fake'><img decoding=\"async\" loading=\"lazy\" class=\"wp-image-880 avia-img-lazy-loading-880\"  width=\"495\" height=\"400\" src=\"https:\/\/www.altei.cz\/wp-dcinema\/wp-content\/uploads\/2017\/03\/IMG_20170323_090743-495x400.jpg\" title='IMG_20170323_090743' alt='' srcset=\"https:\/\/www.altei.cz\/wp-dcinema\/wp-content\/uploads\/2017\/03\/IMG_20170323_090743-495x400.jpg 495w, https:\/\/www.altei.cz\/wp-dcinema\/wp-content\/uploads\/2017\/03\/IMG_20170323_090743-845x684.jpg 845w\" sizes=\"(max-width: 495px) 100vw, 495px\" \/><\/div><\/a><a href=\"https:\/\/www.altei.cz\/wp-dcinema\/wp-content\/uploads\/2017\/03\/IMG_20170323_105538-1030x580.jpg\" data-srcset=\"https:\/\/www.altei.cz\/wp-dcinema\/wp-content\/uploads\/2017\/03\/IMG_20170323_105538-1030x580.jpg 1030w, https:\/\/www.altei.cz\/wp-dcinema\/wp-content\/uploads\/2017\/03\/IMG_20170323_105538-80x45.jpg 80w, https:\/\/www.altei.cz\/wp-dcinema\/wp-content\/uploads\/2017\/03\/IMG_20170323_105538-300x169.jpg 300w, https:\/\/www.altei.cz\/wp-dcinema\/wp-content\/uploads\/2017\/03\/IMG_20170323_105538-768x432.jpg 768w, https:\/\/www.altei.cz\/wp-dcinema\/wp-content\/uploads\/2017\/03\/IMG_20170323_105538-1500x844.jpg 1500w, https:\/\/www.altei.cz\/wp-dcinema\/wp-content\/uploads\/2017\/03\/IMG_20170323_105538-705x397.jpg 705w, https:\/\/www.altei.cz\/wp-dcinema\/wp-content\/uploads\/2017\/03\/IMG_20170323_105538-450x253.jpg 450w\" data-sizes=\"(max-width: 1030px) 100vw, 1030px\" data-rel='gallery-1' data-prev-img='https:\/\/www.altei.cz\/wp-dcinema\/wp-content\/uploads\/2017\/03\/IMG_20170323_105538-495x400.jpg' class='lightbox ' data-onclick='3' title='Instalace maskov\u00e1n\u00ed projek\u010dn\u00edho pl\u00e1tna'  itemprop=\"thumbnailUrl\"  ><img decoding=\"async\" class=\"wp-image-883 avia-img-lazy-loading-not-883\"  data-avia-tooltip='Instalace maskov\u00e1n\u00ed projek\u010dn\u00edho pl\u00e1tna' src=\"https:\/\/www.altei.cz\/wp-dcinema\/wp-content\/uploads\/2017\/03\/IMG_20170323_105538-495x400.jpg\" width=\"495\" height=\"400\"  title='IMG_20170323_105538' alt='' srcset=\"https:\/\/www.altei.cz\/wp-dcinema\/wp-content\/uploads\/2017\/03\/IMG_20170323_105538-495x400.jpg 495w, https:\/\/www.altei.cz\/wp-dcinema\/wp-content\/uploads\/2017\/03\/IMG_20170323_105538-845x684.jpg 845w\" sizes=\"(max-width: 495px) 100vw, 495px\" \/><div class='big-prev-fake'><img decoding=\"async\" loading=\"lazy\" class=\"wp-image-883 avia-img-lazy-loading-883\"  width=\"495\" height=\"400\" src=\"https:\/\/www.altei.cz\/wp-dcinema\/wp-content\/uploads\/2017\/03\/IMG_20170323_105538-495x400.jpg\" title='IMG_20170323_105538' alt='' srcset=\"https:\/\/www.altei.cz\/wp-dcinema\/wp-content\/uploads\/2017\/03\/IMG_20170323_105538-495x400.jpg 495w, https:\/\/www.altei.cz\/wp-dcinema\/wp-content\/uploads\/2017\/03\/IMG_20170323_105538-845x684.jpg 845w\" sizes=\"(max-width: 495px) 100vw, 495px\" \/><\/div><\/a><a href=\"https:\/\/www.altei.cz\/wp-dcinema\/wp-content\/uploads\/2017\/03\/IMG_20170323_083511-1030x580.jpg\" data-srcset=\"https:\/\/www.altei.cz\/wp-dcinema\/wp-content\/uploads\/2017\/03\/IMG_20170323_083511-1030x580.jpg 1030w, https:\/\/www.altei.cz\/wp-dcinema\/wp-content\/uploads\/2017\/03\/IMG_20170323_083511-80x45.jpg 80w, https:\/\/www.altei.cz\/wp-dcinema\/wp-content\/uploads\/2017\/03\/IMG_20170323_083511-300x169.jpg 300w, https:\/\/www.altei.cz\/wp-dcinema\/wp-content\/uploads\/2017\/03\/IMG_20170323_083511-768x432.jpg 768w, https:\/\/www.altei.cz\/wp-dcinema\/wp-content\/uploads\/2017\/03\/IMG_20170323_083511-1500x844.jpg 1500w, https:\/\/www.altei.cz\/wp-dcinema\/wp-content\/uploads\/2017\/03\/IMG_20170323_083511-705x397.jpg 705w, https:\/\/www.altei.cz\/wp-dcinema\/wp-content\/uploads\/2017\/03\/IMG_20170323_083511-450x253.jpg 450w\" data-sizes=\"(max-width: 1030px) 100vw, 1030px\" data-rel='gallery-1' data-prev-img='https:\/\/www.altei.cz\/wp-dcinema\/wp-content\/uploads\/2017\/03\/IMG_20170323_083511-495x400.jpg' class='lightbox ' data-onclick='4' title='Pozice projektoru'  itemprop=\"thumbnailUrl\"  ><img decoding=\"async\" class=\"wp-image-881 avia-img-lazy-loading-not-881\"  data-avia-tooltip='Pozice projektoru' src=\"https:\/\/www.altei.cz\/wp-dcinema\/wp-content\/uploads\/2017\/03\/IMG_20170323_083511-495x400.jpg\" width=\"495\" height=\"400\"  title='IMG_20170323_083511' alt='' srcset=\"https:\/\/www.altei.cz\/wp-dcinema\/wp-content\/uploads\/2017\/03\/IMG_20170323_083511-495x400.jpg 495w, https:\/\/www.altei.cz\/wp-dcinema\/wp-content\/uploads\/2017\/03\/IMG_20170323_083511-845x684.jpg 845w\" sizes=\"(max-width: 495px) 100vw, 495px\" \/><div class='big-prev-fake'><img decoding=\"async\" loading=\"lazy\" class=\"wp-image-881 avia-img-lazy-loading-881\"  width=\"495\" height=\"400\" src=\"https:\/\/www.altei.cz\/wp-dcinema\/wp-content\/uploads\/2017\/03\/IMG_20170323_083511-495x400.jpg\" title='IMG_20170323_083511' alt='' srcset=\"https:\/\/www.altei.cz\/wp-dcinema\/wp-content\/uploads\/2017\/03\/IMG_20170323_083511-495x400.jpg 495w, https:\/\/www.altei.cz\/wp-dcinema\/wp-content\/uploads\/2017\/03\/IMG_20170323_083511-845x684.jpg 845w\" sizes=\"(max-width: 495px) 100vw, 495px\" \/><\/div><\/a><a href=\"https:\/\/www.altei.cz\/wp-dcinema\/wp-content\/uploads\/2017\/03\/IMG_20170323_083545-1030x580.jpg\" data-srcset=\"https:\/\/www.altei.cz\/wp-dcinema\/wp-content\/uploads\/2017\/03\/IMG_20170323_083545-1030x580.jpg 1030w, https:\/\/www.altei.cz\/wp-dcinema\/wp-content\/uploads\/2017\/03\/IMG_20170323_083545-80x45.jpg 80w, https:\/\/www.altei.cz\/wp-dcinema\/wp-content\/uploads\/2017\/03\/IMG_20170323_083545-300x169.jpg 300w, https:\/\/www.altei.cz\/wp-dcinema\/wp-content\/uploads\/2017\/03\/IMG_20170323_083545-768x432.jpg 768w, https:\/\/www.altei.cz\/wp-dcinema\/wp-content\/uploads\/2017\/03\/IMG_20170323_083545-1500x844.jpg 1500w, https:\/\/www.altei.cz\/wp-dcinema\/wp-content\/uploads\/2017\/03\/IMG_20170323_083545-705x397.jpg 705w, https:\/\/www.altei.cz\/wp-dcinema\/wp-content\/uploads\/2017\/03\/IMG_20170323_083545-450x253.jpg 450w\" data-sizes=\"(max-width: 1030px) 100vw, 1030px\" data-rel='gallery-1' data-prev-img='https:\/\/www.altei.cz\/wp-dcinema\/wp-content\/uploads\/2017\/03\/IMG_20170323_083545-495x400.jpg' class='lightbox ' data-onclick='5' title='SONY SRX-R515'  itemprop=\"thumbnailUrl\"  ><img decoding=\"async\" class=\"wp-image-884 avia-img-lazy-loading-not-884\"  data-avia-tooltip='SONY SRX-R515' src=\"https:\/\/www.altei.cz\/wp-dcinema\/wp-content\/uploads\/2017\/03\/IMG_20170323_083545-495x400.jpg\" width=\"495\" height=\"400\"  title='IMG_20170323_083545' alt='' srcset=\"https:\/\/www.altei.cz\/wp-dcinema\/wp-content\/uploads\/2017\/03\/IMG_20170323_083545-495x400.jpg 495w, https:\/\/www.altei.cz\/wp-dcinema\/wp-content\/uploads\/2017\/03\/IMG_20170323_083545-845x684.jpg 845w\" sizes=\"(max-width: 495px) 100vw, 495px\" \/><div class='big-prev-fake'><img decoding=\"async\" loading=\"lazy\" class=\"wp-image-884 avia-img-lazy-loading-884\"  width=\"495\" height=\"400\" src=\"https:\/\/www.altei.cz\/wp-dcinema\/wp-content\/uploads\/2017\/03\/IMG_20170323_083545-495x400.jpg\" title='IMG_20170323_083545' alt='' srcset=\"https:\/\/www.altei.cz\/wp-dcinema\/wp-content\/uploads\/2017\/03\/IMG_20170323_083545-495x400.jpg 495w, https:\/\/www.altei.cz\/wp-dcinema\/wp-content\/uploads\/2017\/03\/IMG_20170323_083545-845x684.jpg 845w\" sizes=\"(max-width: 495px) 100vw, 495px\" \/><\/div><\/a><\/div><\/div>\n","protected":false},"excerpt":{"rendered":"<p>&nbsp; Slavnostn\u00ed zah\u00e1jen\u00ed leto\u0161n\u00edho Febio Festu prob\u011bhlo 23.3. 2017 v pra\u017esk\u00e9m Obecn\u00edm dom\u011b. Pro tento gala ve\u010der jsme zap\u016fj\u010dili kompletn\u00ed DCI projek\u010dn\u00ed technologii SONY 4K. Na\u0161i technici se postarali nejen o mont\u00e1\u017e, ale samoz\u0159ejm\u011b i o provoz tohoto za\u0159\u00edzen\u00ed. Na pl\u00e1tno napnut\u00e9 p\u0159ed varhanami na p\u00f3diu sv\u00edtil projektor SONY SRX-R515. &nbsp; &nbsp;<\/p>\n","protected":false},"author":1,"featured_media":885,"comment_status":"closed","ping_status":"open","sticky":false,"template":"","format":"standard","meta":[],"categories":[6,7],"tags":[27,19],"aioseo_notices":[],"_links":{"self":[{"href":"https:\/\/www.altei.cz\/wp-dcinema\/wp-json\/wp\/v2\/posts\/879"}],"collection":[{"href":"https:\/\/www.altei.cz\/wp-dcinema\/wp-json\/wp\/v2\/posts"}],"about":[{"href":"https:\/\/www.altei.cz\/wp-dcinema\/wp-json\/wp\/v2\/types\/post"}],"author":[{"embeddable":true,"href":"https:\/\/www.altei.cz\/wp-dcinema\/wp-json\/wp\/v2\/users\/1"}],"replies":[{"embeddable":true,"href":"https:\/\/www.altei.cz\/wp-dcinema\/wp-json\/wp\/v2\/comments?post=879"}],"version-history":[{"count":0,"href":"https:\/\/www.altei.cz\/wp-dcinema\/wp-json\/wp\/v2\/posts\/879\/revisions"}],"wp:featuredmedia":[{"embeddable":true,"href":"https:\/\/www.altei.cz\/wp-dcinema\/wp-json\/wp\/v2\/media\/885"}],"wp:attachment":[{"href":"https:\/\/www.altei.cz\/wp-dcinema\/wp-json\/wp\/v2\/media?parent=879"}],"wp:term":[{"taxonomy":"category","embeddable":true,"href":"https:\/\/www.altei.cz\/wp-dcinema\/wp-json\/wp\/v2\/categories?post=879"},{"taxonomy":"post_tag","embeddable":true,"href":"https:\/\/www.altei.cz\/wp-dcinema\/wp-json\/wp\/v2\/tags?post=879"}],"curies":[{"name":"wp","href":"https:\/\/api.w.org\/{rel}","templated":true}]}}