{"id":907,"date":"2017-06-14T11:41:58","date_gmt":"2017-06-14T10:41:58","guid":{"rendered":"http:\/\/www.altei.cz\/wp-dcinema\/?p=907"},"modified":"2017-06-14T12:01:42","modified_gmt":"2017-06-14T11:01:42","slug":"mffkv-52","status":"publish","type":"post","link":"https:\/\/www.altei.cz\/wp-dcinema\/mffkv-52\/","title":{"rendered":"MFFKV 52th"},"content":{"rendered":"<p><a href=\"http:\/\/www.novekino.cz\"><img decoding=\"async\" loading=\"lazy\" class=\"alignleft size-full wp-image-908\" src=\"http:\/\/www.altei.cz\/wp-dcinema\/wp-content\/uploads\/2017\/06\/Vizual3.jpg\" alt=\"\" width=\"236\" height=\"335\" srcset=\"https:\/\/www.altei.cz\/wp-dcinema\/wp-content\/uploads\/2017\/06\/Vizual3.jpg 236w, https:\/\/www.altei.cz\/wp-dcinema\/wp-content\/uploads\/2017\/06\/Vizual3-56x80.jpg 56w, https:\/\/www.altei.cz\/wp-dcinema\/wp-content\/uploads\/2017\/06\/Vizual3-211x300.jpg 211w\" sizes=\"(max-width: 236px) 100vw, 236px\" \/><\/a>Mezin\u00e1rodn\u00ed filmov\u00fd festival Karlovy Vary vypukne za p\u00e1r dn\u00ed (za\u010d\u00edn\u00e1 v\u00a0p\u00e1tek 30.6 a kon\u010d\u00ed v sobotu 8. \u010dervence 2017. \u00a0Jako v\u017edy budeme p\u0159\u00edmo uprost\u0159ed d\u011bn\u00ed &#8230; Poskytujeme rental projektory SONY 4K typu SRX-R515, obsluhujeme i projektory SONY festivalov\u00e9, star\u00e1me se o spr\u00e1vu DCP obsahu atd&#8230; T\u011b\u0161\u00edme se na v\u00e1s !<\/p>\n<p>&nbsp;<\/p>\n","protected":false},"excerpt":{"rendered":"<p>Mezin\u00e1rodn\u00ed filmov\u00fd festival Karlovy Vary vypukne za p\u00e1r dn\u00ed (za\u010d\u00edn\u00e1 v\u00a0p\u00e1tek 30.6 a kon\u010d\u00ed v sobotu 8. \u010dervence 2017. \u00a0Jako v\u017edy budeme p\u0159\u00edmo uprost\u0159ed d\u011bn\u00ed &#8230; Poskytujeme rental projektory SONY 4K typu SRX-R515, obsluhujeme i projektory SONY festivalov\u00e9, star\u00e1me se o spr\u00e1vu DCP obsahu atd&#8230; T\u011b\u0161\u00edme se na v\u00e1s ! &nbsp;<\/p>\n","protected":false},"author":1,"featured_media":909,"comment_status":"closed","ping_status":"closed","sticky":false,"template":"","format":"gallery","meta":[],"categories":[6],"tags":[],"aioseo_notices":[],"_links":{"self":[{"href":"https:\/\/www.altei.cz\/wp-dcinema\/wp-json\/wp\/v2\/posts\/907"}],"collection":[{"href":"https:\/\/www.altei.cz\/wp-dcinema\/wp-json\/wp\/v2\/posts"}],"about":[{"href":"https:\/\/www.altei.cz\/wp-dcinema\/wp-json\/wp\/v2\/types\/post"}],"author":[{"embeddable":true,"href":"https:\/\/www.altei.cz\/wp-dcinema\/wp-json\/wp\/v2\/users\/1"}],"replies":[{"embeddable":true,"href":"https:\/\/www.altei.cz\/wp-dcinema\/wp-json\/wp\/v2\/comments?post=907"}],"version-history":[{"count":0,"href":"https:\/\/www.altei.cz\/wp-dcinema\/wp-json\/wp\/v2\/posts\/907\/revisions"}],"wp:featuredmedia":[{"embeddable":true,"href":"https:\/\/www.altei.cz\/wp-dcinema\/wp-json\/wp\/v2\/media\/909"}],"wp:attachment":[{"href":"https:\/\/www.altei.cz\/wp-dcinema\/wp-json\/wp\/v2\/media?parent=907"}],"wp:term":[{"taxonomy":"category","embeddable":true,"href":"https:\/\/www.altei.cz\/wp-dcinema\/wp-json\/wp\/v2\/categories?post=907"},{"taxonomy":"post_tag","embeddable":true,"href":"https:\/\/www.altei.cz\/wp-dcinema\/wp-json\/wp\/v2\/tags?post=907"}],"curies":[{"name":"wp","href":"https:\/\/api.w.org\/{rel}","templated":true}]}}