{"id":3055,"date":"2018-04-15T13:40:13","date_gmt":"2018-04-15T12:40:13","guid":{"rendered":"https:\/\/www.altei.cz\/wp_apogeedigital\/?p=3055"},"modified":"2020-04-14T16:01:25","modified_gmt":"2020-04-14T15:01:25","slug":"akce-duet-sony","status":"publish","type":"post","link":"https:\/\/www.altei.cz\/wp_apogeedigital\/akce-duet-sony\/","title":{"rendered":"Akce &#8211; Duet jsou dva"},"content":{"rendered":"<p>&nbsp;<\/p>\n<h3 class=\"null\"><\/h3>\n<p><a href=\"http:\/\/www.altei.cz\/altei-shop\/duet-ios-mac-akce-hp\/\" rel=\"attachment wp-att-3057\"><img fetchpriority=\"high\" decoding=\"async\" class=\"alignleft wp-image-3057\" src=\"https:\/\/www.altei.cz\/wp_apogeedigital\/wp-content\/uploads\/2016\/08\/duet_and_sony-big.jpg\" alt=\"duet_and_sony-big\" width=\"614\" height=\"309\" \/><\/a><\/p>\n<p>V\u00edte \u017ee nyn\u00ed m\u016f\u017eete po\u0159\u00eddit Apogee Duet spolu se sluch\u00e1tky SONY MDR-7506 za super cenu\u00a0? Duet 24bit\/192kHz AD\/DA p\u0159evodn\u00edk (audiokarta) se 2 vstupy 4 v\u00fdstupy, n\u00e1strojov\u00fd i mikrofonn\u00ed p\u0159edzesilova\u010d s fantom. nap\u00e1jen\u00edm, USB 2, se sluch\u00e1tkov\u00fdm a 2 monitorov\u00fdmi v\u00fdstupy,USB MIDI, OLED displejemj, pro Mac \/ Windows 10 \/ iOS. Kabel USB. Spolu s nab\u00eddkou slevy na Waves pluginy.<\/p>\n<p>&nbsp;<\/p>\n<p>&nbsp;<\/p>\n<p>&nbsp;<\/p>\n<div  class='avia-button-wrap av-29o3en-e6d82e83ff0e474a4ee677084df42be2-wrap avia-button-center  avia-builder-el-0  avia-builder-el-no-sibling '><a href='http:\/\/www.altei.cz\/altei-shop\/duet-ios-mac-akce-hp\/'  class='avia-button av-29o3en-e6d82e83ff0e474a4ee677084df42be2 avia-icon_select-no avia-size-small avia-position-center avia-color-theme-color'  ><span class='avia_iconbox_title' >Koupit<\/span><\/a><\/div>\n","protected":false},"excerpt":{"rendered":"<p>&nbsp; V\u00edte \u017ee nyn\u00ed m\u016f\u017eete po\u0159\u00eddit Apogee Duet spolu se sluch\u00e1tky SONY MDR-7506 za super cenu\u00a0? Duet 24bit\/192kHz AD\/DA p\u0159evodn\u00edk (audiokarta) se 2 vstupy 4 v\u00fdstupy, n\u00e1strojov\u00fd i mikrofonn\u00ed p\u0159edzesilova\u010d s fantom. nap\u00e1jen\u00edm, USB 2, se sluch\u00e1tkov\u00fdm a 2 monitorov\u00fdmi v\u00fdstupy,USB MIDI, OLED displejemj, pro Mac \/ Windows 10 \/ iOS. Kabel USB. Spolu s [&hellip;]<\/p>\n","protected":false},"author":1,"featured_media":3056,"comment_status":"closed","ping_status":"closed","sticky":false,"template":"","format":"standard","meta":{"_bbp_topic_count":0,"_bbp_reply_count":0,"_bbp_total_topic_count":0,"_bbp_total_reply_count":0,"_bbp_voice_count":0,"_bbp_anonymous_reply_count":0,"_bbp_topic_count_hidden":0,"_bbp_reply_count_hidden":0,"_bbp_forum_subforum_count":0,"om_disable_all_campaigns":false,"_monsterinsights_skip_tracking":false,"_monsterinsights_sitenote_active":false,"_monsterinsights_sitenote_note":"","_monsterinsights_sitenote_category":0,"_wp_rev_ctl_limit":""},"categories":[19],"tags":[],"aioseo_notices":[],"jetpack_featured_media_url":"https:\/\/www.altei.cz\/wp_apogeedigital\/wp-content\/uploads\/2016\/08\/duet_and_sony.jpg","_links":{"self":[{"href":"https:\/\/www.altei.cz\/wp_apogeedigital\/wp-json\/wp\/v2\/posts\/3055"}],"collection":[{"href":"https:\/\/www.altei.cz\/wp_apogeedigital\/wp-json\/wp\/v2\/posts"}],"about":[{"href":"https:\/\/www.altei.cz\/wp_apogeedigital\/wp-json\/wp\/v2\/types\/post"}],"author":[{"embeddable":true,"href":"https:\/\/www.altei.cz\/wp_apogeedigital\/wp-json\/wp\/v2\/users\/1"}],"replies":[{"embeddable":true,"href":"https:\/\/www.altei.cz\/wp_apogeedigital\/wp-json\/wp\/v2\/comments?post=3055"}],"version-history":[{"count":0,"href":"https:\/\/www.altei.cz\/wp_apogeedigital\/wp-json\/wp\/v2\/posts\/3055\/revisions"}],"wp:featuredmedia":[{"embeddable":true,"href":"https:\/\/www.altei.cz\/wp_apogeedigital\/wp-json\/wp\/v2\/media\/3056"}],"wp:attachment":[{"href":"https:\/\/www.altei.cz\/wp_apogeedigital\/wp-json\/wp\/v2\/media?parent=3055"}],"wp:term":[{"taxonomy":"category","embeddable":true,"href":"https:\/\/www.altei.cz\/wp_apogeedigital\/wp-json\/wp\/v2\/categories?post=3055"},{"taxonomy":"post_tag","embeddable":true,"href":"https:\/\/www.altei.cz\/wp_apogeedigital\/wp-json\/wp\/v2\/tags?post=3055"}],"curies":[{"name":"wp","href":"https:\/\/api.w.org\/{rel}","templated":true}]}}